{"id":192,"date":"2019-05-01T16:59:41","date_gmt":"2019-05-01T14:59:41","guid":{"rendered":"http:\/\/www.feldstudy.de\/?p=192"},"modified":"2019-07-02T19:15:08","modified_gmt":"2019-07-02T17:15:08","slug":"t-r-a-n-s-i-t-i-o-n-01","status":"publish","type":"post","link":"http:\/\/www.feldstudy.de\/?p=192","title":{"rendered":"t.r.a.n.s.i.t.i.o.n 01"},"content":{"rendered":"<p><iframe loading=\"lazy\" src=\"https:\/\/player.vimeo.com\/video\/193152444\" width=\"640\" height=\"360\" frameborder=\"0\" allowfullscreen=\"allowfullscreen\"><\/iframe><\/p>\n<p><a href=\"https:\/\/vimeo.com\/193152444\">t.r.a.n.s.i.t.i.o.n_01<\/a> from <a href=\"https:\/\/vimeo.com\/user5992729\">Oliver Franken<\/a> on <a href=\"https:\/\/vimeo.com\">Vimeo<\/a>.<\/p>\n<p>t.r.a.n.s.i.t.i.o.n.01<\/p>\n<p>&#8222;Film f\u00fcr telecine nicht geeignet, falsch durch die Kamera gelaufen, Bildstrich verrutscht alles unscharf, schlechter Bildstand&#8220; Anm. Andec Film<br \/>\nMinimal Feldstudie, die sich mit Verh\u00e4ltnis von Licht und Schatten und der Aufl\u00f6sung der Form durch filmische Parameter und Bewegung besch\u00e4ftigt. Es handelt sich hier um die erste Studie.<br \/>\nt.r.a.n.s.i.t.i.o.n.01<br \/>\nIst der erste Test einer Reihe von Kamera Filmen, die sich mit der Beziehung zwischen Licht Schatten und Bewegung auseinandersetzen.<br \/>\nEs handelt sich um den Schatten des Treppengel\u00e4nders \u00a0meines Ateliers. Dieser ist nur zweimal im Jahr f\u00fcr ca 1 Monat in dieser Form sichtbar.<br \/>\nDer Aufnahmetr\u00e4ger ist 16mm Material auf Tageslichtspulen. Dies ist auch jedesmal die vorgegebene L\u00e4nge der einzelnen Arbeiten.<br \/>\nDie etwas eigene Dynamik meiner Beaulieu R 16 gibt dem Film durch die etwas lose Filmf\u00fchrung eine eigene K\u00f6perlichkeit.<br \/>\nDer Schatten wird durch die Kamera und Filmbewegung zum Objekt.<br \/>\nAktuell ist der Sonnenstand wieder g\u00fcnstig um einen weiteren Versuch zu wagen.<\/p>\n<p>&nbsp;<\/p>\n","protected":false},"excerpt":{"rendered":"<p>t.r.a.n.s.i.t.i.o.n_01 from Oliver Franken on Vimeo. t.r.a.n.s.i.t.i.o.n.01 &#8222;Film f\u00fcr telecine nicht geeignet, falsch durch die Kamera gelaufen, Bildstrich verrutscht alles unscharf, schlechter Bildstand&#8220; Anm. Andec Film Minimal Feldstudie, die sich mit Verh\u00e4ltnis von Licht und Schatten und der Aufl\u00f6sung der Form durch filmische Parameter und Bewegung besch\u00e4ftigt. Es handelt sich hier um die erste Studie. [&hellip;]<\/p>\n","protected":false},"author":1,"featured_media":196,"comment_status":"open","ping_status":"open","sticky":false,"template":"","format":"standard","meta":{"footnotes":""},"categories":[10,1],"tags":[],"class_list":["post-192","post","type-post","status-publish","format-standard","has-post-thumbnail","hentry","category-art","category-kommunikationsdesign","has-thumbnail"],"_links":{"self":[{"href":"http:\/\/www.feldstudy.de\/index.php?rest_route=\/wp\/v2\/posts\/192","targetHints":{"allow":["GET"]}}],"collection":[{"href":"http:\/\/www.feldstudy.de\/index.php?rest_route=\/wp\/v2\/posts"}],"about":[{"href":"http:\/\/www.feldstudy.de\/index.php?rest_route=\/wp\/v2\/types\/post"}],"author":[{"embeddable":true,"href":"http:\/\/www.feldstudy.de\/index.php?rest_route=\/wp\/v2\/users\/1"}],"replies":[{"embeddable":true,"href":"http:\/\/www.feldstudy.de\/index.php?rest_route=%2Fwp%2Fv2%2Fcomments&post=192"}],"version-history":[{"count":5,"href":"http:\/\/www.feldstudy.de\/index.php?rest_route=\/wp\/v2\/posts\/192\/revisions"}],"predecessor-version":[{"id":225,"href":"http:\/\/www.feldstudy.de\/index.php?rest_route=\/wp\/v2\/posts\/192\/revisions\/225"}],"wp:featuredmedia":[{"embeddable":true,"href":"http:\/\/www.feldstudy.de\/index.php?rest_route=\/wp\/v2\/media\/196"}],"wp:attachment":[{"href":"http:\/\/www.feldstudy.de\/index.php?rest_route=%2Fwp%2Fv2%2Fmedia&parent=192"}],"wp:term":[{"taxonomy":"category","embeddable":true,"href":"http:\/\/www.feldstudy.de\/index.php?rest_route=%2Fwp%2Fv2%2Fcategories&post=192"},{"taxonomy":"post_tag","embeddable":true,"href":"http:\/\/www.feldstudy.de\/index.php?rest_route=%2Fwp%2Fv2%2Ftags&post=192"}],"curies":[{"name":"wp","href":"https:\/\/api.w.org\/{rel}","templated":true}]}}